[{"@context":"https:\/\/schema.org\/","@type":"Article","@id":"https:\/\/www.gncz.cz\/krasne-opaleni-bez-nevzhlednych-bilych-pruhu-neziskate-pouze-v-lete-u-more\/#Article","mainEntityOfPage":"https:\/\/www.gncz.cz\/krasne-opaleni-bez-nevzhlednych-bilych-pruhu-neziskate-pouze-v-lete-u-more\/","headline":"Kr\u00e1sn\u00e9 op\u00e1len\u00ed bez nevzhledn\u00fdch b\u00edl\u00fdch pruh\u016f nez\u00edsk\u00e1te pouze v l\u00e9t\u011b u mo\u0159e","name":"Kr\u00e1sn\u00e9 op\u00e1len\u00ed bez nevzhledn\u00fdch b\u00edl\u00fdch pruh\u016f nez\u00edsk\u00e1te pouze v l\u00e9t\u011b u mo\u0159e","description":"Kdo z n\u00e1s by necht\u011bl b\u00fdt kr\u00e1sn\u011b op\u00e1len\u00fd? V\u017edy\u0165 pr\u00e1v\u011b sn\u011bd\u00e1 barva k\u016f\u017ee je takov\u00e1, jakou v\u0161ichni obdivuj\u00ed, a za kterou se v\u0161ichni r\u00e1di ohl\u00e9dnou. Tedy alespo\u0148 v p\u0159\u00edpad\u011b, \u017ee se jedn\u00e1 o opravdu hezk\u00fd hn\u011bd\u00fd odst\u00edn k\u016f\u017ee, rovnom\u011brn\u011b rozprost\u0159en\u00fd po cel\u00e9m t\u011ble. Je jasn\u00e9, \u017ee p\u0159irozen\u00e9 op\u00e1len\u00ed je to nejhez\u010d\u00ed. Nicm\u00e9n\u011b jasno by m\u011blo b\u00fdt i v tom, \u017ee pokud chcete na n\u011bkoho svou op\u00e1lenou barvou k\u016f\u017ee ud\u011blat dobr\u00fd dojem, tak byste ho m\u011bla oslovit souvislou hn\u011bdou plochou, kter\u00e1&hellip;","datePublished":"2018-12-13","dateModified":"2023-11-03","author":{"@type":"Person","@id":"https:\/\/www.gncz.cz\/author\/#Person","name":"gncz.cz\n","url":"https:\/\/www.gncz.cz\/author\/","identifier":1,"image":{"@type":"ImageObject","@id":"https:\/\/secure.gravatar.com\/avatar\/188853cc08cfc4af3f5ef42e51d7aa754653be0300e41daf30a10471d44d4592?s=96&d=mm&r=g","url":"https:\/\/secure.gravatar.com\/avatar\/188853cc08cfc4af3f5ef42e51d7aa754653be0300e41daf30a10471d44d4592?s=96&d=mm&r=g","height":96,"width":96}},"publisher":{"@type":"Organization","name":"gncz.cz","logo":{"@type":"ImageObject","@id":"\/logo.png","url":"\/logo.png","width":600,"height":60}},"image":{"@type":"ImageObject","@id":"https:\/\/www.gncz.cz\/wp-content\/uploads\/img_a333480_w1693_t1546860792.jpg","url":"https:\/\/www.gncz.cz\/wp-content\/uploads\/img_a333480_w1693_t1546860792.jpg","height":0,"width":0},"url":"https:\/\/www.gncz.cz\/krasne-opaleni-bez-nevzhlednych-bilych-pruhu-neziskate-pouze-v-lete-u-more\/","about":["Auto moto"],"wordCount":432,"articleBody":"       Kdo z n\u00e1s by necht\u011bl b\u00fdt kr\u00e1sn\u011b op\u00e1len\u00fd? V\u017edy\u0165 pr\u00e1v\u011b sn\u011bd\u00e1 barva k\u016f\u017ee je takov\u00e1, jakou v\u0161ichni obdivuj\u00ed, a za kterou se v\u0161ichni r\u00e1di ohl\u00e9dnou. Tedy alespo\u0148 v p\u0159\u00edpad\u011b, \u017ee se jedn\u00e1 o opravdu hezk\u00fd hn\u011bd\u00fd odst\u00edn k\u016f\u017ee, rovnom\u011brn\u011b rozprost\u0159en\u00fd po cel\u00e9m t\u011ble. Je jasn\u00e9, \u017ee p\u0159irozen\u00e9 op\u00e1len\u00ed je to nejhez\u010d\u00ed. Nicm\u00e9n\u011b jasno by m\u011blo b\u00fdt i v tom, \u017ee pokud chcete na n\u011bkoho svou op\u00e1lenou barvou k\u016f\u017ee ud\u011blat dobr\u00fd dojem, tak byste ho m\u011bla oslovit souvislou hn\u011bdou plochou, kter\u00e1 bude rovnom\u011brn\u011b op\u00e1len\u00e1 a nebudou na n\u00ed sv\u00edtit do d\u00e1lky \u017e\u00e1dn\u00e9 b\u00edl\u00e9 pruhy, p\u00e1sky a jin\u00e9 obrazce. Tak\u017ee jestli\u017ee je va\u0161\u00ed typickou ozdobou letn\u00ed b\u00edlo hn\u011bd\u00e9 pruhov\u00e1n\u00ed od vyp\u00e1len\u00fdch sand\u00e1l\u016f \u010di od podprsenky, m\u016f\u017eete si b\u00fdt jist\u00e1 t\u00edm, \u017ee takto na nikoho dobr\u00fd dojem neud\u011bl\u00e1te, ba naopak \u2013 tak\u017ee pokud se za v\u00e1mi v takov\u00e9m p\u0159\u00edpad\u011b n\u011bkdo ohl\u00e9dne, bude to pravd\u011bpodobn\u011b proto, aby se dosyta zasm\u00e1l. A to samoz\u0159ejm\u011b nen\u00ed nic p\u0159\u00edjemn\u00e9ho. Podobn\u00e9 situaci se d\u00e1 ov\u0161em snadno p\u0159edej\u00edt t\u00edm, \u017ee se na sv\u016fj o\u010dek\u00e1van\u00fd pobyt na slun\u00ed\u010dku ji\u017e p\u0159edem sv\u011bdomit\u011b p\u0159iprav\u00edte. Pokud nejste ochotna p\u0159i opalov\u00e1n\u00ed na pl\u00e1\u017ei odhodit minim\u00e1ln\u011b svrchn\u00ed d\u00edl plavek. Anebo je\u0161t\u011b l\u00e9pe, pokud nechcete prvn\u00ed den na pl\u00e1\u017ei \u0161okovat va\u0161e okol\u00ed z\u00e1\u0159iv\u011b b\u00edlou barvou, tak to nejlep\u0161\u00ed, co m\u016f\u017eete ud\u011blat, je nav\u0161t\u00edvit s dostate\u010dn\u00fdm p\u0159edstihem sol\u00e1rium v Brn\u011b. Tam z\u00edsk\u00e1te d\u00edky modern\u00edm stroj\u016fm kr\u00e1sn\u00e9 op\u00e1len\u00ed raz dva, a je\u0161t\u011b si budete moci zvolit intenzitu op\u00e1len\u00ed, o jakou m\u00e1te z\u00e1jem. A\u0165 u\u017e preferujete jemn\u011b hn\u011bd\u00fd odst\u00edn anebo sp\u00ed\u0161e sytou hn\u011bdou barvu, najdete zde to prav\u00e9. Chyb\u011bt nebude ani kvalitn\u00ed sol\u00e1rn\u00ed kosmetika, kter\u00e1 se postar\u00e1 o dostate\u010dnou hydrataci k\u016f\u017ee a kvalitn\u00ed, dlouhotrvaj\u00edc\u00ed op\u00e1len\u00ed. Tak\u017ee jakmile vyraz\u00edte mezi lidi, tak na v\u00e1s budou moci v\u0161ichni o\u010di nechat, a je vcelku jedno, zda to bude v l\u00e9t\u011b u mo\u0159e anebo v zim\u011b na plese. Sv\u00e9 t\u011blo budete moci bez zbyte\u010dn\u00fdch obav vystavit kdekoli v\u00e1s napadne.                                                                                                                                                                                                                                                                                                                                                                                          3.7\/5 - (10 votes)        "},{"@context":"https:\/\/schema.org\/","@type":"BreadcrumbList","itemListElement":[{"@type":"ListItem","position":1,"name":"Kr\u00e1sn\u00e9 op\u00e1len\u00ed bez nevzhledn\u00fdch b\u00edl\u00fdch pruh\u016f nez\u00edsk\u00e1te pouze v l\u00e9t\u011b u mo\u0159e","item":"https:\/\/www.gncz.cz\/krasne-opaleni-bez-nevzhlednych-bilych-pruhu-neziskate-pouze-v-lete-u-more\/#breadcrumbitem"}]}]